{"id":17233,"date":"2025-01-13T19:46:44","date_gmt":"2025-01-13T18:46:44","guid":{"rendered":"https:\/\/sv-jersleben.de\/?p=17233"},"modified":"2025-04-21T21:55:32","modified_gmt":"2025-04-21T19:55:32","slug":"neu-online-anmeldung-fuer-kreismeisterschaften","status":"publish","type":"post","link":"https:\/\/sv-jersleben.de\/?p=17233","title":{"rendered":"Neu: Online-Anmeldung f\u00fcr Kreismeisterschaften"},"content":{"rendered":"\n<p>Ab sofort steht jedem registrierten Mitglied in unserem <a href=\"https:\/\/sv-jersleben.de\/?page_id=267\">Mitgliederbereich<\/a> unter <strong>Wettkampfanmeldung<\/strong> die M\u00f6glichkeit zur Verf\u00fcgung, sich online f\u00fcr die <strong>Kreismeisterschaften<\/strong> und dar\u00fcber gleich f\u00fcr die folgenden <strong>Landesmeisterschaften<\/strong> anzumelden \u2013 sowohl als <strong>Einzelstarter<\/strong> als auch als <strong>Mannschaft<\/strong>.<\/p>\n\n\n\n<p>Zus\u00e4tzlich sind dort alle eigenen Anmeldungen f\u00fcr das laufende Jahr erkennbar.<\/p>\n\n\n\n<div class=\"myhr\">\n<hr>\n<\/div>\n\n\n\n<h5 class=\"wp-block-heading\">Wichtige Hinweise<\/h5>\n\n\n\n<ul class=\"wp-block-list\">\n<li><strong>Registrierte Mitglieder<\/strong> unserer Website k\u00f6nnen <strong>diese Funktion ab sofort<\/strong> nutzen.<\/li>\n\n\n\n<li>Mitglieder ohne Zugang zu unserem geschlossenen Bereich, <strong>registrieren<\/strong> sich einfach \u00fcber den Link <a href=\"https:\/\/sv-jersleben.de\/?page_id=267\">Mitgliederbereich<\/a> oben links auf der <a href=\"https:\/\/sv-jersleben.de\">Website<\/a>.<\/li>\n\n\n\n<li>Bis zum <strong>31. Dezember<\/strong> <strong>2025<\/strong> ist die Anmeldung <strong>auch noch \u00fcber das Webformular<\/strong> m\u00f6glich. Weitere Meldem\u00f6glichkeiten sind nicht mehr gegeben. <br><strong>Ab 2026<\/strong> werden <strong>ausschlie\u00dflich Anmeldungen \u00fcber den Online-Bereich<\/strong> verarbeitet.<\/li>\n\n\n\n<li>Die Meldungen zu den Kreismeisterschaften werden jeweils <strong>zum Meldeschlusstermin des Kreises um 21:00 Uhr <\/strong>automatisiert an den Kreis gesendet. <strong>Sp\u00e4tere Meldungen werden nicht mehr ber\u00fccksichtigt.<\/strong><\/li>\n<\/ul>\n\n\n\n<p>Die <strong>Anmeldung<\/strong> zu den ausgeschriebenen Kreismeisterschaften ist ganz bequem \u00fcber unseren <a href=\"https:\/\/sv-jersleben.de\/?post_type=tribe_events\">Termin- und Wettkampfkalender<\/a> erreichbar.<\/p>\n\n\n\n<div class=\"myhr\">\n<hr>\n<\/div>\n\n\n\n<h5 class=\"wp-block-heading\">Warum diese \u00c4nderung?<\/h5>\n\n\n\n<p>Die neue Funktion sorgt f\u00fcr <strong>mehr Transparenz<\/strong> und <strong>verhindert fehlerhafte oder unvollst\u00e4ndige Meldungen<\/strong>. Jedes Mitglied kann im aktuellen Jahr so seine Anmeldungen einsehen und die daraus resultierende Abrechnung zu den Kreis- und Landesmeisterschaften nachvollziehen.<\/p>\n\n\n\n<div class=\"myhr\">\n<hr>\n<\/div>\n\n\n\n<p>Bei Fragen oder Problemen stehen ich euch zur Verf\u00fcgung.<br>Ich freue mich auf eine reibungslose Wettkampfsaison 2025!<\/p>\n\n\n\n<p>Sascha Erdmann<br>Sportleiter des SV Jersleben e.V.<\/p>\n","protected":false},"excerpt":{"rendered":"<p>Ab sofort steht jedem registrierten Mitglied in unserem Mitgliederbereich unter Wettkampfanmeldung die M\u00f6glichkeit zur Verf\u00fcgung, sich online f\u00fcr die Kreismeisterschaften und dar\u00fcber gleich f\u00fcr die folgenden Landesmeisterschaften anzumelden \u2013 sowohl als Einzelstarter als auch als Mannschaft. Zus\u00e4tzlich sind dort alle eigenen Anmeldungen f\u00fcr das laufende Jahr erkennbar. Wichtige Hinweise Die Anmeldung zu den ausgeschriebenen Kreismeisterschaften ist ganz bequem \u00fcber unseren Termin- und Wettkampfkalender erreichbar. Warum diese \u00c4nderung? Die neue Funktion sorgt f\u00fcr mehr Transparenz und verhindert fehlerhafte oder unvollst\u00e4ndige Meldungen. Jedes Mitglied kann im aktuellen Jahr so seine Anmeldungen einsehen und die daraus resultierende Abrechnung zu den Kreis- und Landesmeisterschaften nachvollziehen. Bei Fragen oder Problemen stehen ich euch zur Verf\u00fcgung.Ich freue mich auf eine reibungslose Wettkampfsaison 2025! Sascha ErdmannSportleiter des SV Jersleben e.V.<\/p>\n","protected":false},"author":24,"featured_media":0,"comment_status":"closed","ping_status":"closed","sticky":false,"template":"","format":"standard","meta":{"_cbd_carousel_blocks":"[]","footnotes":""},"categories":[72,15,186,18],"tags":[185,54,159,28,30],"class_list":["post-17233","post","type-post","status-publish","format-standard","hentry","category-kreismeisterschaft","category-mitgliederinformationen","category-organisation","category-wettkaempfe","tag-ausschreibungen","tag-kreismeisterschaft","tag-landesmeisterschaft","tag-mitglieder","tag-verein"],"publishpress_future_action":{"enabled":false,"date":"2026-05-07 02:09:22","action":"change-status","newStatus":"draft","terms":[],"taxonomy":"category","extraData":[]},"publishpress_future_workflow_manual_trigger":{"enabledWorkflows":[]},"_links":{"self":[{"href":"https:\/\/sv-jersleben.de\/index.php?rest_route=\/wp\/v2\/posts\/17233","targetHints":{"allow":["GET"]}}],"collection":[{"href":"https:\/\/sv-jersleben.de\/index.php?rest_route=\/wp\/v2\/posts"}],"about":[{"href":"https:\/\/sv-jersleben.de\/index.php?rest_route=\/wp\/v2\/types\/post"}],"author":[{"embeddable":true,"href":"https:\/\/sv-jersleben.de\/index.php?rest_route=\/wp\/v2\/users\/24"}],"replies":[{"embeddable":true,"href":"https:\/\/sv-jersleben.de\/index.php?rest_route=%2Fwp%2Fv2%2Fcomments&post=17233"}],"version-history":[{"count":19,"href":"https:\/\/sv-jersleben.de\/index.php?rest_route=\/wp\/v2\/posts\/17233\/revisions"}],"predecessor-version":[{"id":17319,"href":"https:\/\/sv-jersleben.de\/index.php?rest_route=\/wp\/v2\/posts\/17233\/revisions\/17319"}],"wp:attachment":[{"href":"https:\/\/sv-jersleben.de\/index.php?rest_route=%2Fwp%2Fv2%2Fmedia&parent=17233"}],"wp:term":[{"taxonomy":"category","embeddable":true,"href":"https:\/\/sv-jersleben.de\/index.php?rest_route=%2Fwp%2Fv2%2Fcategories&post=17233"},{"taxonomy":"post_tag","embeddable":true,"href":"https:\/\/sv-jersleben.de\/index.php?rest_route=%2Fwp%2Fv2%2Ftags&post=17233"}],"curies":[{"name":"wp","href":"https:\/\/api.w.org\/{rel}","templated":true}]}}